{"id":8156,"date":"2026-09-04T12:59:56","date_gmt":"2026-09-04T12:59:56","guid":{"rendered":"https:\/\/www.ndm.com.pa\/es\/?p=8156"},"modified":"2026-09-04T15:04:14","modified_gmt":"2026-09-04T15:04:14","slug":"panama-y-ecuador","status":"publish","type":"post","link":"https:\/\/www.ndm.com.pa\/es\/panama-y-ecuador\/","title":{"rendered":"7 claves del decreto que abre la Visa de Pa\u00edses Amigos entre Panam\u00e1 y Ecuador"},"content":{"rendered":"\n<p class=\"gb-text gb-text-e36be2dd\"><em><strong>El 31 de agosto de 2026, el \u00d3rgano Ejecutivo paname\u00f1o public\u00f3 en la Gaceta Oficial el Decreto Ejecutivo No. 16, que incorpora a la Rep\u00fablica del Ecuador al listado de pa\u00edses amigos. <\/strong><\/em><\/p>\n\n\n\n<p class=\"gb-text gb-text-f263c090\">Con esa firma, la relaci\u00f3n Panam\u00e1 Ecuador entra en una etapa nueva: los ciudadanos ecuatorianos ya pueden aspirar a la subcategor\u00eda migratoria de Residente Permanente en calidad de nacionales de pa\u00edses amigos, la v\u00eda m\u00e1s utilizada por profesionales e inversionistas extranjeros para establecerse legalmente en el pa\u00eds.<\/p>\n\n\n\n<div class=\"gb-element-6f6e3364\">\n<a href=\"https:\/\/watch.getcontrast.io\/register\/ndm-law-firm-visa-de-paises-amigos?utm_source=website&#038;utm_medium=banner&#038;utm_campaign=fnv+ecuador\" target=\"_blank\" rel=\"noopener\"><img decoding=\"async\" width=\"1456\" height=\"180\" class=\"gb-media-9c46faf4\" alt=\"\" title=\"Banner 7 claves del decreto que abre la Visa de Pa\u00edses Amigos entre Panam\u00e1 y Ecuador en 2026\" src=\"https:\/\/www.ndm.com.pa\/es\/wp-content\/uploads\/2026\/09\/Banner-7-claves-del-decreto-que-abre-la-Visa-de-Paises-Amigos-entre-Panama-y-Ecuador-en-2026.gif\"><\/a>\n<\/div>\n\n\n\n<p class=\"gb-text gb-text-3cbad348\">La noticia llega en un momento de fuerte acercamiento diplom\u00e1tico. El decreto fue firmado por el presidente Jos\u00e9 Ra\u00fal Mulino y por el ministro de Seguridad P\u00fablica, Frank Alexis \u00c1brego, d\u00edas antes de la visita oficial del mandatario paname\u00f1o a Guayaquil.<\/p>\n\n\n\n<div id=\"ez-toc-container\" class=\"ez-toc-v2_0_87 ez-toc-wrap-left counter-hierarchy ez-toc-counter ez-toc-custom ez-toc-container-direction\">\n<div class=\"ez-toc-title-container\">\n<p class=\"ez-toc-title\" style=\"cursor:inherit\">Contenido<\/p>\n<span class=\"ez-toc-title-toggle\"><a href=\"#\" class=\"ez-toc-pull-right ez-toc-btn ez-toc-btn-xs ez-toc-btn-default ez-toc-toggle\" aria-label=\"Alternar tabla de contenidos\"><span class=\"ez-toc-js-icon-con\"><span class=\"\"><span class=\"eztoc-hide\" style=\"display:none;\">Toggle<\/span><span class=\"ez-toc-icon-toggle-span\"><svg style=\"fill: #000000;color:#000000\" xmlns=\"http:\/\/www.w3.org\/2000\/svg\" class=\"list-377408\" width=\"20px\" height=\"20px\" viewBox=\"0 0 24 24\" fill=\"none\"><path d=\"M6 6H4v2h2V6zm14 0H8v2h12V6zM4 11h2v2H4v-2zm16 0H8v2h12v-2zM4 16h2v2H4v-2zm16 0H8v2h12v-2z\" fill=\"currentColor\"><\/path><\/svg><svg style=\"fill: #000000;color:#000000\" class=\"arrow-unsorted-368013\" xmlns=\"http:\/\/www.w3.org\/2000\/svg\" width=\"10px\" height=\"10px\" viewBox=\"0 0 24 24\" version=\"1.2\" baseProfile=\"tiny\"><path d=\"M18.2 9.3l-6.2-6.3-6.2 6.3c-.2.2-.3.4-.3.7s.1.5.3.7c.2.2.4.3.7.3h11c.3 0 .5-.1.7-.3.2-.2.3-.5.3-.7s-.1-.5-.3-.7zM5.8 14.7l6.2 6.3 6.2-6.3c.2-.2.3-.5.3-.7s-.1-.5-.3-.7c-.2-.2-.4-.3-.7-.3h-11c-.3 0-.5.1-.7.3-.2.2-.3.5-.3.7s.1.5.3.7z\"\/><\/svg><\/span><\/span><\/span><\/a><\/span><\/div>\n<nav><ul class='ez-toc-list ez-toc-list-level-1 ' ><li class='ez-toc-page-1 ez-toc-heading-level-2'><a class=\"ez-toc-link ez-toc-heading-1\" href=\"https:\/\/www.ndm.com.pa\/es\/panama-y-ecuador\/#Que_dice_exactamente_el_Decreto_Ejecutivo_No_16\" >Qu\u00e9 dice exactamente el Decreto Ejecutivo No. 16<\/a><\/li><li class='ez-toc-page-1 ez-toc-heading-level-2'><a class=\"ez-toc-link ez-toc-heading-2\" href=\"https:\/\/www.ndm.com.pa\/es\/panama-y-ecuador\/#Por_que_Panama_abrio_la_puerta_a_Ecuador_ahora\" >Por qu\u00e9 Panam\u00e1 abri\u00f3 la puerta a Ecuador ahora<\/a><\/li><li class='ez-toc-page-1 ez-toc-heading-level-2'><a class=\"ez-toc-link ez-toc-heading-3\" href=\"https:\/\/www.ndm.com.pa\/es\/panama-y-ecuador\/#Como_funciona_la_Visa_de_Paises_Amigos_entre_Panama_y_Ecuador\" >C\u00f3mo funciona la Visa de Pa\u00edses Amigos entre Panam\u00e1 y Ecuador<\/a><\/li><li class='ez-toc-page-1 ez-toc-heading-level-2'><a class=\"ez-toc-link ez-toc-heading-4\" href=\"https:\/\/www.ndm.com.pa\/es\/panama-y-ecuador\/#Las_dos_fases_residencia_provisional_y_permanencia_definitiva\" >Las dos fases: residencia provisional y permanencia definitiva<\/a><\/li><li class='ez-toc-page-1 ez-toc-heading-level-2'><a class=\"ez-toc-link ez-toc-heading-5\" href=\"https:\/\/www.ndm.com.pa\/es\/panama-y-ecuador\/#Lo_que_el_decreto_no_concede\" >Lo que el decreto no concede<\/a><\/li><li class='ez-toc-page-1 ez-toc-heading-level-2'><a class=\"ez-toc-link ez-toc-heading-6\" href=\"https:\/\/www.ndm.com.pa\/es\/panama-y-ecuador\/#Por_que_miles_de_ecuatorianos_miran_hacia_Panama\" >Por qu\u00e9 miles de ecuatorianos miran hacia Panam\u00e1<\/a><\/li><li class='ez-toc-page-1 ez-toc-heading-level-2'><a class=\"ez-toc-link ez-toc-heading-7\" href=\"https:\/\/www.ndm.com.pa\/es\/panama-y-ecuador\/#Proximos_pasos_para_los_interesados\" >Pr\u00f3ximos pasos para los interesados<\/a><\/li><\/ul><\/nav><\/div>\n<h2 class=\"wp-block-heading\"><span class=\"ez-toc-section\" id=\"Que_dice_exactamente_el_Decreto_Ejecutivo_No_16\"><\/span>Qu\u00e9 dice exactamente el Decreto Ejecutivo No. 16<span class=\"ez-toc-section-end\"><\/span><\/h2>\n\n\n\n<div class=\"gb-element-395549cb\">\n<div>\n<p class=\"gb-text gb-text-1ca7d2c0\">El decreto modifica el Art\u00edculo 2 del Decreto Ejecutivo No. 416 de 13 de junio de 2012, ya reformado por los Decretos Ejecutivos No. 197 y No. 226 de 2021. El cambio es puntual y directo: Ecuador queda incorporado al listado de pa\u00edses espec\u00edficos elegibles, junto a naciones como Espa\u00f1a, Estados Unidos, Alemania, Canad\u00e1, Jap\u00f3n, Israel, M\u00e9xico, Per\u00fa, Chile, Uruguay y Costa Rica.<\/p>\n\n\n\n<p class=\"gb-text gb-text-eeb8bfd5\">El Art\u00edculo 2 del nuevo decreto aclara que los nacionales ecuatorianos quedar\u00e1n sujetos estrictamente al procedimiento, t\u00e9rminos, costos, dep\u00f3sitos de garant\u00eda y fases de residencia provisional de dos a\u00f1os dispuestos en el Decreto Ejecutivo No. 226 de 20 de julio de 2021. Es decir, entran al mismo r\u00e9gimen que el resto de los pa\u00edses amigos, sin condiciones especiales ni atajos.<\/p>\n\n\n\n<p class=\"gb-text gb-text-ef0d75a2\">El Art\u00edculo 5 establece que la norma es de orden p\u00fablico y rige a partir del d\u00eda siguiente de su promulgaci\u00f3n en la Gaceta Oficial de la Rep\u00fablica de Panam\u00e1.<\/p>\n<\/div>\n\n\n\n<div class=\"gb-element-c336e5f9\">\n<figure class=\"wp-block-embed is-type-video is-provider-youtube wp-block-embed-youtube wp-embed-aspect-9-16 wp-has-aspect-ratio\"><div class=\"wp-block-embed__wrapper\">\n<iframe title=\"\u00a1Panam\u00e1 incorpor\u00f3 oficialmente a Ecuador a su lista de Pa\u00edses Amigos!\" width=\"563\" height=\"1000\" src=\"https:\/\/www.youtube.com\/embed\/iS0v4noATJ0?feature=oembed\" frameborder=\"0\" allow=\"accelerometer; autoplay; clipboard-write; encrypted-media; gyroscope; picture-in-picture; web-share\" referrerpolicy=\"strict-origin-when-cross-origin\" allowfullscreen><\/iframe>\n<\/div><\/figure>\n<\/div>\n<\/div>\n\n\n\n<h2 class=\"wp-block-heading\"><span class=\"ez-toc-section\" id=\"Por_que_Panama_abrio_la_puerta_a_Ecuador_ahora\"><\/span>Por qu\u00e9 Panam\u00e1 abri\u00f3 la puerta a Ecuador ahora<span class=\"ez-toc-section-end\"><\/span><\/h2>\n\n\n\n<p class=\"gb-text gb-text-06c2a664\">El propio decreto explica el contexto. El Gobierno ecuatoriano excluy\u00f3 formalmente a Panam\u00e1 de su lista sectorial de jurisdicciones consideradas para\u00edsos fiscales, un reconocimiento a la transparencia y solidez del sistema financiero paname\u00f1o.<\/p>\n\n\n\n<p class=\"gb-text gb-text-200c813c\">Ese gesto removi\u00f3 barreras t\u00e9cnicas e impositivas que durante a\u00f1os encarecieron las operaciones entre ambos pa\u00edses. La respuesta migratoria no se hizo esperar: el Ministerio de Relaciones Exteriores de Panam\u00e1 emiti\u00f3 un dictamen t\u00e9cnico favorable, fundamentado en el principio de reciprocidad diplom\u00e1tica, recomendando incluir a Ecuador como socio estrat\u00e9gico prioritario.<\/p>\n\n\n\n<p class=\"gb-text gb-text-50db12c1\">El resultado es un eje Panam\u00e1 Ecuador m\u00e1s fluido en log\u00edstica, comercio mar\u00edtimo, turismo e inversi\u00f3n. Y, para las personas, una puerta migratoria que antes estaba cerrada.<\/p>\n\n\n\n<h2 class=\"wp-block-heading\"><span class=\"ez-toc-section\" id=\"Como_funciona_la_Visa_de_Paises_Amigos_entre_Panama_y_Ecuador\"><\/span>C\u00f3mo funciona la Visa de Pa\u00edses Amigos entre Panam\u00e1 y Ecuador<span class=\"ez-toc-section-end\"><\/span><\/h2>\n\n\n\n<p class=\"gb-text gb-text-1bc39a55\">La subcategor\u00eda de Residente Permanente por pa\u00edses amigos naci\u00f3 en 2012 para atraer inversi\u00f3n extranjera y profesionales de alto nivel. No es una visa de turismo ni un permiso autom\u00e1tico: exige acreditar un v\u00ednculo real con el pa\u00eds.<\/p>\n\n\n\n<p class=\"gb-text gb-text-965b464b\">Ese v\u00ednculo puede ser profesional, econ\u00f3mico o de inversi\u00f3n. En la pr\u00e1ctica, los solicitantes suelen demostrarlo mediante una relaci\u00f3n laboral con una empresa paname\u00f1a, la compra de un bien inmueble o un dep\u00f3sito a plazo fijo en la banca local, seg\u00fan la modalidad que elijan y los montos vigentes en el Decreto Ejecutivo No. 226.<\/p>\n\n\n\n<p class=\"gb-text gb-text-137a5b4a\">El expediente se presenta ante el Servicio Nacional de Migraci\u00f3n a trav\u00e9s de un abogado id\u00f3neo. Este es un requisito legal en Panam\u00e1, no una recomendaci\u00f3n comercial: el tr\u00e1mite no puede presentarse de forma personal.<\/p>\n\n\n\n<h2 class=\"wp-block-heading\"><span class=\"ez-toc-section\" id=\"Las_dos_fases_residencia_provisional_y_permanencia_definitiva\"><\/span>Las dos fases: residencia provisional y permanencia definitiva<span class=\"ez-toc-section-end\"><\/span><\/h2>\n\n\n\n<p class=\"gb-text gb-text-f82280cd\">El r\u00e9gimen vigente desde 2021 divide el proceso en dos etapas.<\/p>\n\n\n\n<p class=\"gb-text gb-text-456e402b\"><strong>Fase 1. Residencia provisional.<\/strong>&nbsp;Se otorga por un t\u00e9rmino de dos a\u00f1os. Funciona como un filtro de control, fiscalizaci\u00f3n y verificaci\u00f3n de las inversiones y actividades econ\u00f3micas declaradas.<\/p>\n\n\n\n<p class=\"gb-text gb-text-ad3d808d\"><strong>Fase 2. Permanencia definitiva.<\/strong>&nbsp;Cumplido ese plazo, y demostrando que el v\u00ednculo con Panam\u00e1 se mantuvo activo, el solicitante puede optar por la residencia permanente.<\/p>\n\n\n\n<p class=\"gb-text gb-text-4a950e32\">Para quienes eval\u00faan la relaci\u00f3n Panam\u00e1 Ecuador como plan de vida, esta estructura es importante: no se trata de un tr\u00e1mite expr\u00e9s, sino de un proceso por etapas que requiere planificaci\u00f3n patrimonial y documental desde el primer d\u00eda.<\/p>\n\n\n\n<h2 class=\"wp-block-heading\"><span class=\"ez-toc-section\" id=\"Lo_que_el_decreto_no_concede\"><\/span>Lo que el decreto no concede<span class=\"ez-toc-section-end\"><\/span><\/h2>\n\n\n\n<p class=\"gb-text gb-text-763dd923\">Aqu\u00ed conviene ser claro, porque es donde m\u00e1s confusi\u00f3n se genera.<\/p>\n\n\n\n<p class=\"gb-text gb-text-9afe4842\">El propio decreto advierte que la subcategor\u00eda de pa\u00edses amigos otorga un estatus migratorio, pero no exime de tramitar el correspondiente Permiso de Trabajo ante el Ministerio de Trabajo y Desarrollo Laboral (MITRADEL) bajo las categor\u00edas autorizadas y vigentes.<\/p>\n\n\n\n<p class=\"gb-text gb-text-7e1a62d1\">Tampoco concede el derecho al ejercicio de profesiones reguladas por leyes especiales. Medicina, derecho, ingenier\u00eda, arquitectura y contabilidad, entre otras, tienen restricciones propias en Panam\u00e1 que la residencia no elimina.<\/p>\n\n\n\n<p class=\"gb-text gb-text-19d4124f\">El Art\u00edculo 3 del decreto a\u00f1ade que el Servicio Nacional de Migraci\u00f3n y MITRADEL actuar\u00e1n de manera concordante al momento de acreditar la actividad econ\u00f3mica, profesional o de inversi\u00f3n.<\/p>\n\n\n\n<h2 class=\"wp-block-heading\"><span class=\"ez-toc-section\" id=\"Por_que_miles_de_ecuatorianos_miran_hacia_Panama\"><\/span>Por qu\u00e9 miles de ecuatorianos miran hacia Panam\u00e1<span class=\"ez-toc-section-end\"><\/span><\/h2>\n\n\n\n<p class=\"gb-text gb-text-ceb595a1\">El inter\u00e9s no es nuevo. Desde hace varios a\u00f1os, familias y empresarios ecuatorianos han buscado diversificar su patrimonio fuera del pa\u00eds y encontrar un entorno m\u00e1s previsible para vivir y operar.<\/p>\n\n\n\n<p class=\"gb-text gb-text-e017ec0b\">Panam\u00e1 ofrece una combinaci\u00f3n dif\u00edcil de replicar en la regi\u00f3n: econom\u00eda dolarizada, un centro bancario internacional consolidado, conectividad a\u00e9rea directa con Quito y Guayaquil a trav\u00e9s del Hub de las Am\u00e9ricas, y un r\u00e9gimen fiscal territorial.<\/p>\n\n\n\n<p class=\"gb-text gb-text-31d687f9\">A eso se suma un factor humano que muchas familias ecuatorianas ponen sobre la mesa: la b\u00fasqueda de un entorno m\u00e1s seguro para sus hijos. El decreto no resuelve por s\u00ed solo esa preocupaci\u00f3n, pero s\u00ed abre una v\u00eda legal, ordenada y verificable para quienes ya estaban evaluando el traslado.<\/p>\n\n\n\n<p class=\"gb-text gb-text-96b8d596\">Lo relevante del corredor Panam\u00e1 Ecuador es que ahora esa mudanza puede estructurarse dentro de una categor\u00eda migratoria estable, en lugar de depender de permisos temporales o pr\u00f3rrogas.<\/p>\n\n\n\n<h2 class=\"wp-block-heading\"><span class=\"ez-toc-section\" id=\"Proximos_pasos_para_los_interesados\"><\/span>Pr\u00f3ximos pasos para los interesados<span class=\"ez-toc-section-end\"><\/span><\/h2>\n\n\n\n<p class=\"gb-text gb-text-9541cebd\">Si usted es ciudadano ecuatoriano y est\u00e1 evaluando esta opci\u00f3n, el primer paso es determinar bajo qu\u00e9 modalidad califica y qu\u00e9 documentaci\u00f3n deber\u00e1 apostillar en Ecuador antes de iniciar el tr\u00e1mite en Panam\u00e1.<\/p>\n\n\n\n<p class=\"gb-text gb-text-6cb895f0\">En NDM Law Firm &amp; Associates llevamos m\u00e1s de 17 a\u00f1os tramitando residencias ante el Servicio Nacional de Migraci\u00f3n. Puede revisar los requisitos actualizados, los montos vigentes y el paso a paso completo en nuestra p\u00e1gina de&nbsp;<a href=\"https:\/\/www.ndm.com.pa\/legal-services\/labor-immigration-law\/friendly-nations-visa\/\">Visa de Pa\u00edses Amigos<\/a>.<\/p>\n\n\n\n<p class=\"gb-text gb-text-1d0792e5\">Agende una consulta con nuestro equipo de abogados de inmigraci\u00f3n y evaluamos su caso concreto antes de que invierta tiempo o dinero en documentos que quiz\u00e1 no necesite.<\/p>\n\n\n\n<hr class=\"wp-block-separator has-alpha-channel-opacity\"\/>\n\n\n\n<p class=\"wp-block-paragraph\"><strong>Fuentes y recursos oficiales<\/strong><\/p>\n\n\n\n<ul class=\"wp-block-list\">\n<li><a href=\"https:\/\/www.ndm.com.pa\/es\/wp-content\/uploads\/2026\/09\/Decreto-Ejecutivo-N\u00b0-16.-Incluye-a-Ecuador-en-lista-de-paises-amigos.pdf\" data-type=\"link\" data-id=\"https:\/\/www.ndm.com.pa\/es\/wp-content\/uploads\/2026\/09\/Decreto-Ejecutivo-N\u00b0-16.-Incluye-a-Ecuador-en-lista-de-paises-amigos.pdf\" target=\"_blank\" rel=\"noreferrer noopener\" data-schema-attribute=\"about mentions\">Gaceta Oficial de la Rep\u00fablica de Panam\u00e1<\/a><\/li>\n<\/ul>\n","protected":false},"excerpt":{"rendered":"<p>Panam\u00e1 y Ecuador acaban de cambiar las reglas del juego migratorio entre ambos pa\u00edses.<\/p>\n","protected":false},"author":1,"featured_media":8185,"comment_status":"open","ping_status":"open","sticky":false,"template":"","format":"standard","meta":{"content-type":"","inline_featured_image":false,"footnotes":""},"categories":[4],"tags":[],"class_list":["post-8156","post","type-post","status-publish","format-standard","has-post-thumbnail","hentry","category-inmigracion-panama","infinite-scroll-item","generate-columns","tablet-grid-50","mobile-grid-100","grid-parent","grid-50"],"_links":{"self":[{"href":"https:\/\/www.ndm.com.pa\/es\/wp-json\/wp\/v2\/posts\/8156","targetHints":{"allow":["GET"]}}],"collection":[{"href":"https:\/\/www.ndm.com.pa\/es\/wp-json\/wp\/v2\/posts"}],"about":[{"href":"https:\/\/www.ndm.com.pa\/es\/wp-json\/wp\/v2\/types\/post"}],"author":[{"embeddable":true,"href":"https:\/\/www.ndm.com.pa\/es\/wp-json\/wp\/v2\/users\/1"}],"replies":[{"embeddable":true,"href":"https:\/\/www.ndm.com.pa\/es\/wp-json\/wp\/v2\/comments?post=8156"}],"version-history":[{"count":9,"href":"https:\/\/www.ndm.com.pa\/es\/wp-json\/wp\/v2\/posts\/8156\/revisions"}],"predecessor-version":[{"id":8193,"href":"https:\/\/www.ndm.com.pa\/es\/wp-json\/wp\/v2\/posts\/8156\/revisions\/8193"}],"wp:featuredmedia":[{"embeddable":true,"href":"https:\/\/www.ndm.com.pa\/es\/wp-json\/wp\/v2\/media\/8185"}],"wp:attachment":[{"href":"https:\/\/www.ndm.com.pa\/es\/wp-json\/wp\/v2\/media?parent=8156"}],"wp:term":[{"taxonomy":"category","embeddable":true,"href":"https:\/\/www.ndm.com.pa\/es\/wp-json\/wp\/v2\/categories?post=8156"},{"taxonomy":"post_tag","embeddable":true,"href":"https:\/\/www.ndm.com.pa\/es\/wp-json\/wp\/v2\/tags?post=8156"}],"curies":[{"name":"wp","href":"https:\/\/api.w.org\/{rel}","templated":true}]}}